{"id":478,"date":"2020-11-09T20:27:03","date_gmt":"2020-11-09T20:27:03","guid":{"rendered":"http:\/\/www.audimus.fr\/formation\/?p=478"},"modified":"2020-12-20T09:56:55","modified_gmt":"2020-12-20T09:56:55","slug":"seminaire-en-ligne","status":"publish","type":"post","link":"https:\/\/www.audimus.fr\/formation\/seminaire-en-ligne\/","title":{"rendered":"S\u00e9minaire en ligne"},"content":{"rendered":"\n<p>Prochaine session :<\/p>\n\n\n\n<p class=\"has-text-color has-text-align-center has-medium-font-size has-vivid-red-color\"><em><strong>Jeudi 14 janvier &#8211;  11h15<\/strong><\/em><\/p>\n\n\n\n<p class=\"has-text-color has-background has-text-align-center has-normal-font-size has-very-dark-gray-color has-luminous-vivid-amber-background-color\"> <em>sp\u00e9cial COVID-19<\/em> : <em>SESSION <strong>GRATUITE<\/strong> <\/em><\/p>\n\n\n\n<p class=\"has-text-color has-text-align-center has-vivid-red-color\"><strong> Attention : Inscription jusqu&rsquo;au 11 janvier 2021 <\/strong><\/p>\n\n\n\n<div class=\"wp-block-cover has-background-dim\" style=\"background-image:url(http:\/\/www.audimus.fr\/formation\/wp-content\/uploads\/2020\/11\/book-2592057_640.jpg)\"><div class=\"wp-block-cover__inner-container is-layout-flow wp-block-cover-is-layout-flow\">\n<p class=\"has-text-align-center has-medium-font-size\"> <strong>D\u00e9velopper la r\u00e9silience de l&rsquo;entreprise pour survivre \u00e0 la crise<\/strong>.<\/p>\n\n\n\n<p class=\"has-text-align-center\"><em> Ce s\u00e9minaire en ligne vous permet de vous pr\u00e9parer d\u00e8s \u00e0 pr\u00e9sent aux mutations qui favoriseront votre d\u00e9veloppement futur.  <\/em><\/p>\n<\/div><\/div>\n\n\n\n<p class=\"has-normal-font-size\">L&rsquo;actualit\u00e9 sanitaire perturbe fortement le fonctionnement des entreprises. <\/p>\n\n\n\n<p class=\"has-normal-font-size\">Il apparait que la pand\u00e9mie de Covid-19 d\u00e9veloppe des cons\u00e9quences inattendues dans les organisations professionnelles.  La propagation de la maladie nous oblige \u00e0 adopter des principes de pr\u00e9caution (gestes barri\u00e8res, distanciation sociale, confinement, etc\u2026) qui ont un impact fort sur le quotidien des salari\u00e9s et sur le fonctionnement m\u00eame des entreprises.<\/p>\n\n\n\n<p class=\"has-normal-font-size\">D&rsquo;autres catastrophes pourraient venir entraver l&rsquo;activit\u00e9 \u00e9conomique dans les prochaines ann\u00e9es. Face \u00e0 ces menaces, certaines entreprises auront beaucoup de mal \u00e0 durer dans le temps.<\/p>\n\n\n\n<p class=\"has-normal-font-size\">En s&rsquo;appuyant sur les r\u00e9flexions men\u00e9es par la communaut\u00e9 scientifique sur les impacts de la crise Covid-19 et les recommandations \u00e9mergentes  pour une reprise d&rsquo;activit\u00e9 sereine et p\u00e9renne, nous verrons comment pr\u00e9parer votre structure \u00e0 d\u00e9velopper une r\u00e9silience pour d\u00e9passer les situations de crise et les changements.<\/p>\n\n\n<div class='bootstrap-yop yop-poll-mc'>\n\t\t\t\t\t\t\t<div class=\"yop-poll-container\" data-id=\"1\" data-ajax=\"1\" data-tid=\"\" data-pid=\"478\" data-show-results-only=\"false\"><\/div>\n\t\t\t\t\t\t<\/div>\n\n\n\n<p class=\"has-text-color has-medium-font-size has-vivid-red-color\">Inscriptions ouvertes <\/p>\n\n\n\n<p><strong>Date limite : 11 janvier<\/strong>. Un mail de confirmation vous sera envoy\u00e9 avec les informations de connexion \u00e0 cet \u00e9v\u00e9nement \u00e0 distance.<\/p>\n\n\n<div class=\"cf7sg-container\"><div id=\"cf7sg-form-seminaire\" class=\"cf7-smart-grid has-grid key_seminaire\"><div role=\"form\" class=\"wpcf7\" id=\"wpcf7-f503-o1\" lang=\"fr-FR\" dir=\"ltr\">\n<div class=\"screen-reader-response\"><\/div>\n<form action=\"\/formation\/wp-json\/wp\/v2\/posts\/478#wpcf7-f503-o1\" method=\"post\" class=\"wpcf7-form\" novalidate=\"novalidate\">\n<div style=\"display: none;\">\n<input type=\"hidden\" name=\"_wpcf7\" value=\"503\" \/>\n<input type=\"hidden\" name=\"_wpcf7_version\" value=\"5.1.6\" \/>\n<input type=\"hidden\" name=\"_wpcf7_locale\" value=\"fr_FR\" \/>\n<input type=\"hidden\" name=\"_wpcf7_unit_tag\" value=\"wpcf7-f503-o1\" \/>\n<input type=\"hidden\" name=\"_wpcf7_container_post\" value=\"0\" \/>\n<input type=\"hidden\" name=\"_wpcf7_key\" value=\"seminaire\" \/>\n<input type=\"hidden\" name=\"_cf7sg_toggles\" value=\"\" \/>\n<input type=\"hidden\" name=\"_cf7sg_version\" value=\"4.15.4\" \/>\n<input type=\"hidden\" name=\"_wpnonce\" value=\"1a7cc24705\" \/>\n<\/div>\n<div class=\"container\">\n  <div class=\"row\">\n    <div class=\"columns one-half\">\n      <div class=\"container\">\n        <div class=\"row\">\n          <div class=\"columns full\">\n            <div class=\"field\"><label>Nom<em>*<\/em><\/label><span class=\"wpcf7-form-control-wrap your-name\"><input type=\"text\" name=\"your-name\" value=\"\" size=\"40\" class=\"wpcf7-form-control wpcf7-text wpcf7-validates-as-required\" aria-required=\"true\" aria-invalid=\"false\" \/><\/span>\n              <p class=\"info-tip\">Saisissez votre nom<\/p>\n            <\/div>\n          <\/div>\n        <\/div>\n      <\/div>\n      <div class=\"container\">\n        <div class=\"row\">\n          <div class=\"columns full\">\n            <div class=\"field\"><label>Prenom<em>*<\/em><\/label><span class=\"wpcf7-form-control-wrap your-prenom\"><input type=\"text\" name=\"your-prenom\" value=\"\" size=\"40\" class=\"wpcf7-form-control wpcf7-text wpcf7-validates-as-required\" aria-required=\"true\" aria-invalid=\"false\" \/><\/span>\n              <p class=\"info-tip\">Saisissez votre prenom<\/p>\n            <\/div>\n          <\/div>\n        <\/div>\n      <\/div>\n      <div class=\"container\">\n        <div class=\"row\">\n          <div class=\"columns full\">\n            <div class=\"field\"><label>Courriel<em>*<\/em><\/label><span class=\"wpcf7-form-control-wrap your-email\"><input type=\"email\" name=\"your-email\" value=\"\" size=\"40\" class=\"wpcf7-form-control wpcf7-text wpcf7-email wpcf7-validates-as-required wpcf7-validates-as-email\" aria-required=\"true\" aria-invalid=\"false\" \/><\/span>\n              <p class=\"info-tip\">Saisissez un courriel valide<\/p>\n            <\/div>\n          <\/div>\n        <\/div>\n      <\/div>\n    <\/div>\n    <div class=\"columns one-half\">\n      <div class=\"container\">\n        <div class=\"row\">\n          <div class=\"columns full\">\n            <div class=\"field\"><label>Organisation<em>*<\/em><\/label><span class=\"wpcf7-form-control-wrap your-organization\"><input type=\"text\" name=\"your-organization\" value=\"\" size=\"40\" class=\"wpcf7-form-control wpcf7-text wpcf7-validates-as-required\" aria-required=\"true\" aria-invalid=\"false\" \/><\/span>\n              <p class=\"info-tip\">Quelle est votre entreprise ou organisation?<\/p>\n            <\/div>\n          <\/div>\n        <\/div>\n      <\/div>\n      <div class=\"container\">\n        <div class=\"row\">\n          <div class=\"columns full\">\n            <div class=\"field\"><label>Fonction<em>*<\/em><\/label><span class=\"wpcf7-form-control-wrap your-function\"><input type=\"text\" name=\"your-function\" value=\"\" size=\"40\" class=\"wpcf7-form-control wpcf7-text wpcf7-validates-as-required\" aria-required=\"true\" aria-invalid=\"false\" \/><\/span>\n              <p class=\"info-tip\">Indiquez votre fonction<\/p>\n            <\/div>\n          <\/div>\n        <\/div>\n      <\/div>\n      <div class=\"container\">\n        <div class=\"row\">\n          <div class=\"columns full\">\n            <div class=\"field\"><label>Mes attentes<em><\/em><\/label><span class=\"wpcf7-form-control-wrap your-message\"><textarea name=\"your-message\" cols=\"40\" rows=\"5\" class=\"wpcf7-form-control wpcf7-textarea\" aria-invalid=\"false\"><\/textarea><\/span>\n              <p class=\"info-tip\">Vous pouvez indiquer vos attentes (optionnel)<\/p>\n            <\/div>\n          <\/div>\n        <\/div>\n      <\/div>\n      <div class=\"container\">\n        <div class=\"row\">\n          <div class=\"columns full\">\n            <div class=\"field\"><label><\/label><input type=\"submit\" value=\"Envoyez\" class=\"wpcf7-form-control wpcf7-submit\" \/>\n              <p class=\"info-tip\"><\/p>\n            <\/div>\n          <\/div>\n        <\/div>\n      <\/div>\n    <\/div>\n  <\/div>\n<\/div><div class=\"wpcf7-response-output wpcf7-display-none\"><\/div><\/form><\/div><\/div><\/div>\n","protected":false},"excerpt":{"rendered":"<p>Prochaine session : Jeudi 14 janvier &#8211; 11h15 sp\u00e9cial COVID-19 : SESSION GRATUITE Attention : Inscription jusqu&rsquo;au 11 janvier 2021 L&rsquo;actualit\u00e9 sanitaire perturbe fortement le fonctionnement des entreprises. Il apparait que la pand\u00e9mie de Covid-19 d\u00e9veloppe des cons\u00e9quences inattendues dans les organisations professionnelles. La propagation de la maladie nous oblige&hellip; <\/p>\n","protected":false},"author":1,"featured_media":0,"comment_status":"closed","ping_status":"closed","sticky":false,"template":"","format":"standard","meta":{"footnotes":""},"categories":[17,14,15],"tags":[],"class_list":["post-478","post","type-post","status-publish","format-standard","hentry","category-formation","category-managt","category-qvt"],"_links":{"self":[{"href":"https:\/\/www.audimus.fr\/formation\/wp-json\/wp\/v2\/posts\/478"}],"collection":[{"href":"https:\/\/www.audimus.fr\/formation\/wp-json\/wp\/v2\/posts"}],"about":[{"href":"https:\/\/www.audimus.fr\/formation\/wp-json\/wp\/v2\/types\/post"}],"author":[{"embeddable":true,"href":"https:\/\/www.audimus.fr\/formation\/wp-json\/wp\/v2\/users\/1"}],"replies":[{"embeddable":true,"href":"https:\/\/www.audimus.fr\/formation\/wp-json\/wp\/v2\/comments?post=478"}],"version-history":[{"count":50,"href":"https:\/\/www.audimus.fr\/formation\/wp-json\/wp\/v2\/posts\/478\/revisions"}],"predecessor-version":[{"id":664,"href":"https:\/\/www.audimus.fr\/formation\/wp-json\/wp\/v2\/posts\/478\/revisions\/664"}],"wp:attachment":[{"href":"https:\/\/www.audimus.fr\/formation\/wp-json\/wp\/v2\/media?parent=478"}],"wp:term":[{"taxonomy":"category","embeddable":true,"href":"https:\/\/www.audimus.fr\/formation\/wp-json\/wp\/v2\/categories?post=478"},{"taxonomy":"post_tag","embeddable":true,"href":"https:\/\/www.audimus.fr\/formation\/wp-json\/wp\/v2\/tags?post=478"}],"curies":[{"name":"wp","href":"https:\/\/api.w.org\/{rel}","templated":true}]}}